{"id":2947,"date":"2024-02-08T11:24:30","date_gmt":"2024-02-08T11:24:30","guid":{"rendered":"https:\/\/www.automotivepr.com\/lanzamiento-al-mercado-de-omoda-5-j7\/"},"modified":"2025-04-30T10:51:25","modified_gmt":"2025-04-30T10:51:25","slug":"lanzamiento-al-mercado-de-omoda-5-j7","status":"publish","type":"post","link":"https:\/\/www.automotivepr.com\/es\/lanzamiento-al-mercado-de-omoda-5-j7\/","title":{"rendered":"Lanzamiento al mercado de OMODA 5 y J7"},"content":{"rendered":"<div class=\"wpb-content-wrapper\"><p>[vc_row][vc_column][vc_column_text css=\u00bb.vc_custom_1707990715000{margin-top: 0px !important;margin-right: 0px !important;margin-bottom: 0px !important;margin-left: 0px !important;border-top-width: 0px !important;border-right-width: 0px !important;border-bottom-width: 0px !important;border-left-width: 0px !important;padding-top: 0px !important;padding-right: 0px !important;padding-bottom: 0px !important;padding-left: 0px !important;}\u00bb]<\/p>\r\n<p style=\"font-size: 12px;\"><em>Este art\u00edculo ha sido traducido automaticamente<\/em><\/p>\r\n<p>[\/vc_column_text][vc_column_text]<\/p>\r\n<p><strong>Case study by APR Benelux<\/strong><\/p>\r\n<p>[\/vc_column_text][vc_separator color=\u00bbcustom\u00bb align=\u00bbalign_left\u00bb el_width=\u00bb20&#8243; accent_color=\u00bb#5f5e5e\u00bb css=\u00bb.vc_custom_1707991168902{margin-top: 20px !important;}\u00bb][vc_column_text]<!-- \/wp:post-content --><\/p>\r\n<p><em>Chery es uno de los principales fabricantes privados de autom\u00f3viles de China y el mayor exportador de autom\u00f3viles del pa\u00eds. La corporaci\u00f3n planea lanzar dos marcas filiales en B\u00e9lgica en 2024, OMODA y JAECOO.<\/em><\/p>\r\n<!-- \/wp:paragraph -->\r\n<p><!-- wp:paragraph -->Como un buen comienzo es la mitad de la batalla, el objetivo era generar la m\u00e1xima exposici\u00f3n medi\u00e1tica antes del lanzamiento de los modelos &#8216;OMODA 5&#8217; y &#8216;J7&#8217; en el mercado belga. Nos alegr\u00f3 poder ayudar.<\/p>\r\n<!-- \/wp:paragraph -->\r\n<h3><!-- wp:paragraph --><strong>Desde revistas comerciales hasta medios generales<\/strong><\/h3>\r\n<!-- \/wp:paragraph -->\r\n<p><!-- wp:paragraph -->Nuestro objetivo estaba claro como el agua: presentar OMODA 5 y J7 al p\u00fablico belga. Las relaciones p\u00fablicas son un juego a largo plazo, pero incluso en el juego de las relaciones p\u00fablicas, las noticias duras siguen siendo el rey. A trav\u00e9s del despliegue estrat\u00e9gico de dos notas de prensa locales meticulosamente elaboradas y de un enfoque dirigido, anunciamos con \u00e9xito el lanzamiento de ambos modelos. Nuestros esfuerzos dieron como resultado un impresionante total de cincuenta apariciones en medios pertinentes, que abarcan desde revistas comerciales hasta prensa general, tanto en l\u00ednea como en papel. Algunos ejemplos destacados son publicaciones en <a href=\"https:\/\/www.hln.be\/economie\/br-drie-nieuwe-chinese-automerken-op-belgische-markt~a37c2486\/\">Het Laatste Nieuws<\/a>, <a href=\"https:\/\/www.dhnet.be\/conso\/auto-moto\/2023\/12\/11\/jaecoo-derniere-marque-chinoise-en-date-a-investir-le-marche-belge-6FEOASTULBCFHGIIVX3ZXS3ZVM\/\">La Derni\u00e8re Heure<\/a> y <a href=\"https:\/\/gocar.be\/nl\/autonieuws\/nieuwe-auto\/omoda-5-komt-volgend-jaar-naar-belgie\">Go Car.<\/a><\/p>\r\n<!-- \/wp:paragraph -->\r\n<p><!-- wp:paragraph -->Tambi\u00e9n logramos asegurar la participaci\u00f3n de tres periodistas de primer nivel en un viaje de prensa a la sede de Chery en China, brind\u00e1ndoles una oportunidad incomparable para familiarizarse con la marca y experimentar pruebas de manejo de ambos modelos de primera mano.<\/p>\r\n<h3><!-- \/wp:paragraph --><\/h3>\r\n<h3><!-- wp:paragraph --><strong>Manteniendo la conversaci\u00f3n viva en redes sociales<\/strong><\/h3>\r\n<!-- \/wp:paragraph -->\r\n<p><!-- wp:paragraph -->Adem\u00e1s de los medios tradicionales, las redes sociales tambi\u00e9n desempe\u00f1an un papel crucial en esta era de transformaci\u00f3n digital. Reconociendo esto, mantuvimos activamente el compromiso en Instagram y Facebook. A trav\u00e9s de publicaciones consistentes varias veces a la semana, nos alineamos estrat\u00e9gicamente con d\u00edas tem\u00e1ticos y tendencias locales, al mismo tiempo que presentamos el OMODA 5 con todas sus caracter\u00edsticas en detalle. Nuestra estrategia se extendi\u00f3 m\u00e1s all\u00e1 de la mera promoci\u00f3n, fomentando una comunidad donde los entusiastas pudieran interactuar, hacer preguntas y compartir sus experiencias con la marca.<\/p>\r\n<h3><!-- \/wp:paragraph --><\/h3>\r\n<h3><!-- wp:paragraph --><strong>Planes ambiciosos para el futuro<\/strong><\/h3>\r\n<!-- \/wp:paragraph -->\r\n<p><!-- wp:paragraph -->Despu\u00e9s de este lanzamiento, OMODA y JAECOO fueron mencionados en a\u00fan m\u00e1s art\u00edculos, mostrando un crecimiento en el reconocimiento del nombre y la conciencia de marca. Ahora, es el momento de capitalizar este impulso, aprovechando esta nueva prominencia para elevar estas marcas a alturas sin precedentes y establecerlas firmemente en el mapa como nunca antes.<\/p>\r\n<p><!-- \/wp:paragraph -->[\/vc_column_text][\/vc_column][\/vc_row]<\/p><\/div>","protected":false},"excerpt":{"rendered":"<p>Las estrategias publicitarias de Chery en B\u00e9lgica dieron como resultado una importante exposici\u00f3n medi\u00e1tica para los modelos OMODA 5 y J7, estableciendo una base para la presencia de la marca.<\/p>\n","protected":false},"author":2,"featured_media":2819,"comment_status":"closed","ping_status":"open","sticky":false,"template":"","format":"standard","meta":{"footnotes":""},"categories":[57],"tags":[58],"class_list":["post-2947","post","type-post","status-publish","format-standard","has-post-thumbnail","hentry","category-case-study-es","tag-apr-benelux-es"],"yoast_head":"<!-- This site is optimized with the Yoast SEO plugin v26.9 - https:\/\/yoast.com\/product\/yoast-seo-wordpress\/ -->\n<title>Lanzamiento al mercado de OMODA 5 y J7 | Automotive Pr<\/title>\n<meta name=\"description\" content=\"Lanzamiento al mercado de OMODA 5 y J7\" \/>\n<meta name=\"robots\" content=\"index, follow, max-snippet:-1, max-image-preview:large, max-video-preview:-1\" \/>\n<link rel=\"canonical\" href=\"https:\/\/www.automotivepr.com\/es\/lanzamiento-al-mercado-de-omoda-5-j7\/\" \/>\n<meta property=\"og:locale\" content=\"es_ES\" \/>\n<meta property=\"og:type\" content=\"article\" \/>\n<meta property=\"og:title\" content=\"Lanzamiento al mercado de OMODA 5 y J7 | Automotive Pr\" \/>\n<meta property=\"og:description\" content=\"Lanzamiento al mercado de OMODA 5 y J7\" \/>\n<meta property=\"og:url\" content=\"https:\/\/www.automotivepr.com\/es\/lanzamiento-al-mercado-de-omoda-5-j7\/\" \/>\n<meta property=\"og:site_name\" content=\"Automotive Pr\" \/>\n<meta property=\"article:published_time\" content=\"2024-02-08T11:24:30+00:00\" \/>\n<meta property=\"article:modified_time\" content=\"2025-04-30T10:51:25+00:00\" \/>\n<meta property=\"og:image\" content=\"https:\/\/www.automotivepr.com\/wp-content\/uploads\/2024\/02\/OMODA-min-scaled.jpeg\" \/>\n\t<meta property=\"og:image:width\" content=\"2560\" \/>\n\t<meta property=\"og:image:height\" content=\"1418\" \/>\n\t<meta property=\"og:image:type\" content=\"image\/jpeg\" \/>\n<meta name=\"author\" content=\"Alex\" \/>\n<meta name=\"twitter:card\" content=\"summary_large_image\" \/>\n<meta name=\"twitter:label1\" content=\"Escrito por\" \/>\n\t<meta name=\"twitter:data1\" content=\"Alex\" \/>\n\t<meta name=\"twitter:label2\" content=\"Tiempo de lectura\" \/>\n\t<meta name=\"twitter:data2\" content=\"3 minutos\" \/>\n<script type=\"application\/ld+json\" class=\"yoast-schema-graph\">{\"@context\":\"https:\/\/schema.org\",\"@graph\":[{\"@type\":\"Article\",\"@id\":\"https:\/\/www.automotivepr.com\/es\/lanzamiento-al-mercado-de-omoda-5-j7\/#article\",\"isPartOf\":{\"@id\":\"https:\/\/www.automotivepr.com\/es\/lanzamiento-al-mercado-de-omoda-5-j7\/\"},\"author\":{\"name\":\"Alex\",\"@id\":\"https:\/\/www.automotivepr.com\/#\/schema\/person\/f69b3646f6f8219cd3e395c5dfad864f\"},\"headline\":\"Lanzamiento al mercado de OMODA 5 y J7\",\"datePublished\":\"2024-02-08T11:24:30+00:00\",\"dateModified\":\"2025-04-30T10:51:25+00:00\",\"mainEntityOfPage\":{\"@id\":\"https:\/\/www.automotivepr.com\/es\/lanzamiento-al-mercado-de-omoda-5-j7\/\"},\"wordCount\":518,\"publisher\":{\"@id\":\"https:\/\/www.automotivepr.com\/#organization\"},\"image\":{\"@id\":\"https:\/\/www.automotivepr.com\/es\/lanzamiento-al-mercado-de-omoda-5-j7\/#primaryimage\"},\"thumbnailUrl\":\"https:\/\/www.automotivepr.com\/wp-content\/uploads\/2024\/02\/OMODA-min-scaled.jpeg\",\"keywords\":[\"APR Benelux\"],\"articleSection\":[\"Caso de \u00e9xito\"],\"inLanguage\":\"es\"},{\"@type\":\"WebPage\",\"@id\":\"https:\/\/www.automotivepr.com\/es\/lanzamiento-al-mercado-de-omoda-5-j7\/\",\"url\":\"https:\/\/www.automotivepr.com\/es\/lanzamiento-al-mercado-de-omoda-5-j7\/\",\"name\":\"Lanzamiento al mercado de OMODA 5 y J7 | Automotive Pr\",\"isPartOf\":{\"@id\":\"https:\/\/www.automotivepr.com\/#website\"},\"primaryImageOfPage\":{\"@id\":\"https:\/\/www.automotivepr.com\/es\/lanzamiento-al-mercado-de-omoda-5-j7\/#primaryimage\"},\"image\":{\"@id\":\"https:\/\/www.automotivepr.com\/es\/lanzamiento-al-mercado-de-omoda-5-j7\/#primaryimage\"},\"thumbnailUrl\":\"https:\/\/www.automotivepr.com\/wp-content\/uploads\/2024\/02\/OMODA-min-scaled.jpeg\",\"datePublished\":\"2024-02-08T11:24:30+00:00\",\"dateModified\":\"2025-04-30T10:51:25+00:00\",\"description\":\"Lanzamiento al mercado de OMODA 5 y J7\",\"breadcrumb\":{\"@id\":\"https:\/\/www.automotivepr.com\/es\/lanzamiento-al-mercado-de-omoda-5-j7\/#breadcrumb\"},\"inLanguage\":\"es\",\"potentialAction\":[{\"@type\":\"ReadAction\",\"target\":[\"https:\/\/www.automotivepr.com\/es\/lanzamiento-al-mercado-de-omoda-5-j7\/\"]}]},{\"@type\":\"ImageObject\",\"inLanguage\":\"es\",\"@id\":\"https:\/\/www.automotivepr.com\/es\/lanzamiento-al-mercado-de-omoda-5-j7\/#primaryimage\",\"url\":\"https:\/\/www.automotivepr.com\/wp-content\/uploads\/2024\/02\/OMODA-min-scaled.jpeg\",\"contentUrl\":\"https:\/\/www.automotivepr.com\/wp-content\/uploads\/2024\/02\/OMODA-min-scaled.jpeg\",\"width\":2560,\"height\":1418,\"caption\":\"Market launch OMODA 5 & J7\"},{\"@type\":\"BreadcrumbList\",\"@id\":\"https:\/\/www.automotivepr.com\/es\/lanzamiento-al-mercado-de-omoda-5-j7\/#breadcrumb\",\"itemListElement\":[{\"@type\":\"ListItem\",\"position\":1,\"name\":\"Portada\",\"item\":\"https:\/\/www.automotivepr.com\/es\/\"},{\"@type\":\"ListItem\",\"position\":2,\"name\":\"Lanzamiento al mercado de OMODA 5 y J7\"}]},{\"@type\":\"WebSite\",\"@id\":\"https:\/\/www.automotivepr.com\/#website\",\"url\":\"https:\/\/www.automotivepr.com\/\",\"name\":\"Automotive Pr\",\"description\":\"Driving Global Communications | Automotive PR is a global partnership of specialist communications agencies serving clients in every major automotive market.\",\"publisher\":{\"@id\":\"https:\/\/www.automotivepr.com\/#organization\"},\"alternateName\":\"Automotive Pr Driving Global Communications\",\"potentialAction\":[{\"@type\":\"SearchAction\",\"target\":{\"@type\":\"EntryPoint\",\"urlTemplate\":\"https:\/\/www.automotivepr.com\/?s={search_term_string}\"},\"query-input\":{\"@type\":\"PropertyValueSpecification\",\"valueRequired\":true,\"valueName\":\"search_term_string\"}}],\"inLanguage\":\"es\"},{\"@type\":\"Organization\",\"@id\":\"https:\/\/www.automotivepr.com\/#organization\",\"name\":\"Automotive Pr\",\"alternateName\":\"Automotive Pr Driving Global Communications\",\"url\":\"https:\/\/www.automotivepr.com\/\",\"logo\":{\"@type\":\"ImageObject\",\"inLanguage\":\"es\",\"@id\":\"https:\/\/www.automotivepr.com\/#\/schema\/logo\/image\/\",\"url\":\"https:\/\/www.automotivepr.com\/wp-content\/uploads\/2024\/02\/prueba.png\",\"contentUrl\":\"https:\/\/www.automotivepr.com\/wp-content\/uploads\/2024\/02\/prueba.png\",\"width\":415,\"height\":100,\"caption\":\"Automotive Pr\"},\"image\":{\"@id\":\"https:\/\/www.automotivepr.com\/#\/schema\/logo\/image\/\"}},{\"@type\":\"Person\",\"@id\":\"https:\/\/www.automotivepr.com\/#\/schema\/person\/f69b3646f6f8219cd3e395c5dfad864f\",\"name\":\"Alex\",\"image\":{\"@type\":\"ImageObject\",\"inLanguage\":\"es\",\"@id\":\"https:\/\/www.automotivepr.com\/#\/schema\/person\/image\/\",\"url\":\"https:\/\/secure.gravatar.com\/avatar\/84fd6716d031e47ca3eba48b68d89d3c9a0e1f30cdefce6f5b73bf38329147ec?s=96&d=mm&r=g\",\"contentUrl\":\"https:\/\/secure.gravatar.com\/avatar\/84fd6716d031e47ca3eba48b68d89d3c9a0e1f30cdefce6f5b73bf38329147ec?s=96&d=mm&r=g\",\"caption\":\"Alex\"},\"url\":\"https:\/\/www.automotivepr.com\/es\/author\/alex\/\"}]}<\/script>\n<!-- \/ Yoast SEO plugin. -->","yoast_head_json":{"title":"Lanzamiento al mercado de OMODA 5 y J7 | Automotive Pr","description":"Lanzamiento al mercado de OMODA 5 y J7","robots":{"index":"index","follow":"follow","max-snippet":"max-snippet:-1","max-image-preview":"max-image-preview:large","max-video-preview":"max-video-preview:-1"},"canonical":"https:\/\/www.automotivepr.com\/es\/lanzamiento-al-mercado-de-omoda-5-j7\/","og_locale":"es_ES","og_type":"article","og_title":"Lanzamiento al mercado de OMODA 5 y J7 | Automotive Pr","og_description":"Lanzamiento al mercado de OMODA 5 y J7","og_url":"https:\/\/www.automotivepr.com\/es\/lanzamiento-al-mercado-de-omoda-5-j7\/","og_site_name":"Automotive Pr","article_published_time":"2024-02-08T11:24:30+00:00","article_modified_time":"2025-04-30T10:51:25+00:00","og_image":[{"width":2560,"height":1418,"url":"https:\/\/www.automotivepr.com\/wp-content\/uploads\/2024\/02\/OMODA-min-scaled.jpeg","type":"image\/jpeg"}],"author":"Alex","twitter_card":"summary_large_image","twitter_misc":{"Escrito por":"Alex","Tiempo de lectura":"3 minutos"},"schema":{"@context":"https:\/\/schema.org","@graph":[{"@type":"Article","@id":"https:\/\/www.automotivepr.com\/es\/lanzamiento-al-mercado-de-omoda-5-j7\/#article","isPartOf":{"@id":"https:\/\/www.automotivepr.com\/es\/lanzamiento-al-mercado-de-omoda-5-j7\/"},"author":{"name":"Alex","@id":"https:\/\/www.automotivepr.com\/#\/schema\/person\/f69b3646f6f8219cd3e395c5dfad864f"},"headline":"Lanzamiento al mercado de OMODA 5 y J7","datePublished":"2024-02-08T11:24:30+00:00","dateModified":"2025-04-30T10:51:25+00:00","mainEntityOfPage":{"@id":"https:\/\/www.automotivepr.com\/es\/lanzamiento-al-mercado-de-omoda-5-j7\/"},"wordCount":518,"publisher":{"@id":"https:\/\/www.automotivepr.com\/#organization"},"image":{"@id":"https:\/\/www.automotivepr.com\/es\/lanzamiento-al-mercado-de-omoda-5-j7\/#primaryimage"},"thumbnailUrl":"https:\/\/www.automotivepr.com\/wp-content\/uploads\/2024\/02\/OMODA-min-scaled.jpeg","keywords":["APR Benelux"],"articleSection":["Caso de \u00e9xito"],"inLanguage":"es"},{"@type":"WebPage","@id":"https:\/\/www.automotivepr.com\/es\/lanzamiento-al-mercado-de-omoda-5-j7\/","url":"https:\/\/www.automotivepr.com\/es\/lanzamiento-al-mercado-de-omoda-5-j7\/","name":"Lanzamiento al mercado de OMODA 5 y J7 | Automotive Pr","isPartOf":{"@id":"https:\/\/www.automotivepr.com\/#website"},"primaryImageOfPage":{"@id":"https:\/\/www.automotivepr.com\/es\/lanzamiento-al-mercado-de-omoda-5-j7\/#primaryimage"},"image":{"@id":"https:\/\/www.automotivepr.com\/es\/lanzamiento-al-mercado-de-omoda-5-j7\/#primaryimage"},"thumbnailUrl":"https:\/\/www.automotivepr.com\/wp-content\/uploads\/2024\/02\/OMODA-min-scaled.jpeg","datePublished":"2024-02-08T11:24:30+00:00","dateModified":"2025-04-30T10:51:25+00:00","description":"Lanzamiento al mercado de OMODA 5 y J7","breadcrumb":{"@id":"https:\/\/www.automotivepr.com\/es\/lanzamiento-al-mercado-de-omoda-5-j7\/#breadcrumb"},"inLanguage":"es","potentialAction":[{"@type":"ReadAction","target":["https:\/\/www.automotivepr.com\/es\/lanzamiento-al-mercado-de-omoda-5-j7\/"]}]},{"@type":"ImageObject","inLanguage":"es","@id":"https:\/\/www.automotivepr.com\/es\/lanzamiento-al-mercado-de-omoda-5-j7\/#primaryimage","url":"https:\/\/www.automotivepr.com\/wp-content\/uploads\/2024\/02\/OMODA-min-scaled.jpeg","contentUrl":"https:\/\/www.automotivepr.com\/wp-content\/uploads\/2024\/02\/OMODA-min-scaled.jpeg","width":2560,"height":1418,"caption":"Market launch OMODA 5 & J7"},{"@type":"BreadcrumbList","@id":"https:\/\/www.automotivepr.com\/es\/lanzamiento-al-mercado-de-omoda-5-j7\/#breadcrumb","itemListElement":[{"@type":"ListItem","position":1,"name":"Portada","item":"https:\/\/www.automotivepr.com\/es\/"},{"@type":"ListItem","position":2,"name":"Lanzamiento al mercado de OMODA 5 y J7"}]},{"@type":"WebSite","@id":"https:\/\/www.automotivepr.com\/#website","url":"https:\/\/www.automotivepr.com\/","name":"Automotive Pr","description":"Driving Global Communications | Automotive PR is a global partnership of specialist communications agencies serving clients in every major automotive market.","publisher":{"@id":"https:\/\/www.automotivepr.com\/#organization"},"alternateName":"Automotive Pr Driving Global Communications","potentialAction":[{"@type":"SearchAction","target":{"@type":"EntryPoint","urlTemplate":"https:\/\/www.automotivepr.com\/?s={search_term_string}"},"query-input":{"@type":"PropertyValueSpecification","valueRequired":true,"valueName":"search_term_string"}}],"inLanguage":"es"},{"@type":"Organization","@id":"https:\/\/www.automotivepr.com\/#organization","name":"Automotive Pr","alternateName":"Automotive Pr Driving Global Communications","url":"https:\/\/www.automotivepr.com\/","logo":{"@type":"ImageObject","inLanguage":"es","@id":"https:\/\/www.automotivepr.com\/#\/schema\/logo\/image\/","url":"https:\/\/www.automotivepr.com\/wp-content\/uploads\/2024\/02\/prueba.png","contentUrl":"https:\/\/www.automotivepr.com\/wp-content\/uploads\/2024\/02\/prueba.png","width":415,"height":100,"caption":"Automotive Pr"},"image":{"@id":"https:\/\/www.automotivepr.com\/#\/schema\/logo\/image\/"}},{"@type":"Person","@id":"https:\/\/www.automotivepr.com\/#\/schema\/person\/f69b3646f6f8219cd3e395c5dfad864f","name":"Alex","image":{"@type":"ImageObject","inLanguage":"es","@id":"https:\/\/www.automotivepr.com\/#\/schema\/person\/image\/","url":"https:\/\/secure.gravatar.com\/avatar\/84fd6716d031e47ca3eba48b68d89d3c9a0e1f30cdefce6f5b73bf38329147ec?s=96&d=mm&r=g","contentUrl":"https:\/\/secure.gravatar.com\/avatar\/84fd6716d031e47ca3eba48b68d89d3c9a0e1f30cdefce6f5b73bf38329147ec?s=96&d=mm&r=g","caption":"Alex"},"url":"https:\/\/www.automotivepr.com\/es\/author\/alex\/"}]}},"_links":{"self":[{"href":"https:\/\/www.automotivepr.com\/es\/wp-json\/wp\/v2\/posts\/2947","targetHints":{"allow":["GET"]}}],"collection":[{"href":"https:\/\/www.automotivepr.com\/es\/wp-json\/wp\/v2\/posts"}],"about":[{"href":"https:\/\/www.automotivepr.com\/es\/wp-json\/wp\/v2\/types\/post"}],"author":[{"embeddable":true,"href":"https:\/\/www.automotivepr.com\/es\/wp-json\/wp\/v2\/users\/2"}],"replies":[{"embeddable":true,"href":"https:\/\/www.automotivepr.com\/es\/wp-json\/wp\/v2\/comments?post=2947"}],"version-history":[{"count":0,"href":"https:\/\/www.automotivepr.com\/es\/wp-json\/wp\/v2\/posts\/2947\/revisions"}],"wp:featuredmedia":[{"embeddable":true,"href":"https:\/\/www.automotivepr.com\/es\/wp-json\/wp\/v2\/media\/2819"}],"wp:attachment":[{"href":"https:\/\/www.automotivepr.com\/es\/wp-json\/wp\/v2\/media?parent=2947"}],"wp:term":[{"taxonomy":"category","embeddable":true,"href":"https:\/\/www.automotivepr.com\/es\/wp-json\/wp\/v2\/categories?post=2947"},{"taxonomy":"post_tag","embeddable":true,"href":"https:\/\/www.automotivepr.com\/es\/wp-json\/wp\/v2\/tags?post=2947"}],"curies":[{"name":"wp","href":"https:\/\/api.w.org\/{rel}","templated":true}]}}